{"id":501235,"date":"2018-09-14T21:08:16","date_gmt":"2018-09-15T03:08:16","guid":{"rendered":"http:\/\/gerardbutlergals.com\/content\/?p=501235"},"modified":"2018-09-26T12:35:08","modified_gmt":"2018-09-26T18:35:08","slug":"gerrys-interliving-ad-spot-for-german-tv","status":"publish","type":"post","link":"https:\/\/gerardbutlergals.com\/content\/press\/gerrys-interliving-ad-spot-for-german-tv\/","title":{"rendered":"Gerry&#8217;s Interliving Ad Spot for German TV"},"content":{"rendered":"<p><span id=\"result_box\" class=\"\" lang=\"en\"><span class=\"\">The new TV Spot for the new Interliving campaign with Gerard Butler is here!<\/span> <span class=\"\">The campaign focuses on the individual and functional furniture of Interliving.<\/span> <span class=\"\">In the TV commercial, for example, the Sofa Series 4050 is seen alongside Gerard Butler as &#8220;the essentials.&#8221; The spot is available in various lengths &#8211; this is the 40-second version.<\/span><\/span><\/p>\n<p>https:\/\/youtu.be\/M3mfgiWGJEk<\/p>\n<p>More about the campaign: <a href=\"https:\/\/www.moebelkultur.de\/news\/neue-interliving-kampagne-startet\/\" target=\"_blank\" rel=\"noopener\">https:\/\/www.moebelkultur.de\/news\/neue-interliving-kampagne-startet\/<\/a><\/p>\n<p>Translation via Google:<\/p>\n<p><span id=\"result_box\" class=\"\" lang=\"en\"><span title=\"Einrichtungspartnerring VME \">Furnishing partner ring VME<br \/>\n<\/span><span title=\"Neue \u201eInterliving\u201c-Kampagne startet \">New &#8220;Interliving&#8221; campaign starts<\/span><\/span><\/p>\n<p><span title=\"Das Wesentliche sind nat\u00fcrlich die M\u00f6bel!\">The essentials are of course the furniture! <\/span><span title=\"Auch in der neuen \u201eInterliving\u201c-Kampagne spielen sie wieder die Hauptrolle.\">Also in the new &#8220;Interliving&#8221; campaign they play the main role again. <\/span><span title=\"Heute stellte der Einrichtungspartnerring VME seinen Gesellschaftern und der Presse den neuen TV-Spot zur diesj\u00e4hrigen Werbekampagne f\u00fcr seine Eigenmarke vor.\">Today, the interior partner partner VME presented its shareholders and the press the new TV commercial for this year&#8217;s advertising campaign for its own brand. <\/span><span title=\"Im 40-Sek\u00fcnder tritt Hollywood-Schauspieler Gerard Butler auf \u2013 neben dem \u201eInterliving\u201c-Sofa der Serie 4050. \">In the 40-second, Hollywood actor Gerard Butler performs &#8211; next to the 4050 series &#8220;Interliving&#8221; sofa.<\/span><\/p>\n<p><span title=\"Wegen des gro\u00dfen Erfolgs der ersten Kampagne hat der Verband sich daf\u00fcr entschieden, seinen Claim \u201eDas Wesentliche ist zu sehen\u201c beizubehalten.\">Because of the great success of the first campaign, the association has chosen to keep its slogan &#8220;The essentials to see&#8221;. <\/span><span title=\"Obwohl mit Butler ein internationaler Top-Star verpflichtet wurde, wird dieser buchst\u00e4blich nur am Rande zu sehen sein.\">Although Butler has been hired by an international star, it will literally be on the sidelines. <\/span><span title=\"Anstelle des bekannten Werbegesichts r\u00fcckt der Einrichtungspartnerring VME ganz selbstbewusst die M\u00f6bel ins Rampenlicht.\">Instead of the well-known advertising face, the furnishing partner ring VME confidently puts the furniture in the limelight. <\/span><span title=\"Die Botschaft, die transportiert werden soll, lautet: \u201eInterliving\u201c-M\u00f6bel lassen sich dank einer riesigen Typenvielfalt f\u00fcr jedes Bed\u00fcrfnis und jeden Geschmack individualisieren.\">The message to be conveyed is: &#8220;Interliving&#8221; furniture can be customized for every need and taste thanks to a huge variety of types. <\/span><span title=\"Wie auch im vergangenen Jahr wird der TV-Spot wieder von zahlreichen weiteren Ma\u00dfnahmen flankiert \u2013 von Werbematerial f\u00fcr die Anschlussh\u00e4user \u00fcber Print-Anzeigen bis zu Beitr\u00e4gen auf unterschiedlichen Social-Media-Kan\u00e4len.\">As in the past year, the TV spot will again be flanked by numerous other measures &#8211; from advertising material for the connecting houses via print ads to contributions on various social media channels. <\/span><span title=\"Die 360-Grad-Kampagne soll daf\u00fcr sorgen, dass die Kunden nicht mehr an der Marke vorbeikommen. \">The 360-degree campaign is designed to ensure that customers no longer miss the mark.<\/span><\/p>\n<p><span title=\"Hier geht's zum TV-Spot.\">Click <a href=\"https:\/\/www.youtube.com\/watch?v=M3mfgiWGJEk&amp;feature=youtu.be\" target=\"_blank\" rel=\"noopener\">here<\/a> for the TV commercial.<\/span><\/p>\n<p>https:\/\/www.instagram.com\/p\/BnwH6XUBXjk\/<\/p>\n<p>https:\/\/www.facebook.com\/jenskochphoto\/videos\/2175389139371103\/?__xts__%5B0%5D=68.ARBaOrFUPXMeQn_FBHQ1M1qOP_nyAM8O21k5wkrEuTK73oZURNrbK1vjteAo5S1FpwN9B-KEtF6eARhsYphJ4Q5eLiDmHYaE3wua6xdl3gxgC-yPe_ZuxKOP1B3bNyUrz7iXtyAilzan0r9nOJ0NDqN1Y1ABPezrdgZrj-PI0_maEFUgTFZu0Q&amp;__tn__=-R<\/p>\n<p>https:\/\/www.instagram.com\/p\/Bn1T9PcnSDM\/<\/p>\n<p>https:\/\/www.instagram.com\/p\/Bn3_Y0RHGLP\/<\/p>\n<p>From: https:\/\/www.presseportal.de\/pm\/81299\/4070800, Translated via Google:<\/p>\n<p>&#8220;<span id=\"result_box\" class=\"\" lang=\"en\"><span title=\"Das Wesentliche ist zu sehen&quot; - die M\u00f6belmarke Interliving tritt in ihrem aktuellen Werbespot selbstbewusst auf. Am 25. September startet die neue Kampagne - und im TV-Spot, auf Plakaten und online ist neben den hochwertigen Sofas, Boxspringbetten, Schlaf- und Wohnzimmerm\u00f6beln auch\">The essentials are to be seen &#8220;- the furniture brand Interliving confidently appears in its current commercial on 25 September, the new campaign starts &#8211; and in the TV spot, on billboards and online is next to the high-quality sofas, box spring beds, bedroom and living room furniture <\/span><span title=\"kein geringerer, als Hollywoodstar Gerard Butler zu sehen. Anders, als bei anderen Marken steht hier aber nicht der Schauspieler im Mittelpunkt, sondern die Interliving M\u00f6bel selbst.\n\n\">none other than Hollywood star Gerard Butler, unlike other brands, where the focus is not on the actor, but on the interliving furniture itself.<\/p>\n<p><\/span><span title=\"&quot;Im vergangenen Jahr haben wir mit unserem ersten Interliving TV-Spot den German Brand Award in der Kategorie Special Mention erhalten. In diesem Jahr freuen wir uns, dass wir im n\u00e4chsten Schritt einen so renommierten Schauspieler wie Gerard Butler f\u00fcr eine Zusammenarbeit gewinnen konnten - im\">&#8220;Last year, we received the German Brand Award in the Special Mention category with our first Interliving TV commercial, and this year we are delighted that we were able to win over such a renowned actor as Gerard Butler for a collaboration in the next step &#8211; <\/span><span title=\"Spot setzen wir aber wieder voll auf den Charme unserer hochwertigen M\u00f6bel. Sie stehen mit all ihren Vorz\u00fcgen im Mittelpunkt&quot;, so Frank Stratmann, Hauptgesch\u00e4ftsf\u00fchrer des Einrichtungspartnerring VME, der als Verband die Marke Interliving gemeinsam mit seinen mittelst\u00e4ndischen M\u00f6belh\u00e4ndlern entwickelt hat.\">However, we are once again focusing on the charm of our high-quality furniture, and they are the center of attention with all their advantages, &#8220;says Frank Stratmann, Managing Director of the furnishing partner ring VME, which as an association has developed the Interliving brand together with its medium-sized furniture retailers. <\/span><span title=\"Das Sortiment kann sich sehen lassen: Interliving M\u00f6bel verbinden zeitloses Design mit intelligenten, durchdachten Funktionen - die beteiligten M\u00f6belh\u00e4ndler haben ihr gesamtes Expertenwissen in die Entwicklung gesteckt.\n\n\">The range is impressive: Interliving furniture combines timeless design with intelligent, sophisticated functions &#8211; the furniture retailers involved have put all their expertise into development.<\/p>\n<p><\/span><span title=\"Das wird auch im aktuellen Interliving TV-Spot deutlich: Dort ist Hollywood-Star Gerard Butler absolut begeistert von Interliving und den zahllosen M\u00f6glichkeiten, die ihm die M\u00f6bel bieten.\">This is also clear in the current Interliving TV ad: There Hollywood star Gerard Butler is absolutely thrilled with Interliving and the countless possibilities that the furniture offers. <\/span><span title=\"So kann er pl\u00f6tzlich wie durch Zauberhand das Interliving Sofa ganz einfach per Fingerschnipsen konfigurieren.\">So he can suddenly, as if by magic, easily configure the Interliving Sofa by snapping his finger. <\/span><span title=\"Die Message des Spots ist klar: Interliving M\u00f6bel lassen sich durch ihre gro\u00dfe Typenvielfalt f\u00fcr jedes Zuhause individualisieren - es gibt sie in zahlreichen Ausf\u00fchrungen, Stoffen und Ledern, Gr\u00f6\u00dfen, Sitzh\u00f6hen und vielem mehr.\n\n\">The message of the spotlight is clear: Interliving furniture can be individualized for every home with its large variety of types &#8211; it is available in numerous designs, fabrics and leathers, sizes, seat heights and much more.<\/p>\n<p><\/span><span title=\"Schon jetzt gibt es allein in der Bundesrepublik mehr als 200 mittelst\u00e4ndische M\u00f6belh\u00e4ndler, die Interliving im Sortiment f\u00fchren - mehr als 30 von Ihnen konnten sogar als Interliving Partnerh\u00e4user gewonnen werden.\">There are already more than 200 medium-sized furniture retailers in the Federal Republic of Germany alone, which lead Interliving in its product range &#8211; more than 30 of them have even been acquired as Interliving partner houses. <\/span><span title=\"Sie haben sich umbenannt und tragen jetzt den Schriftzug &quot;Interliving&quot; im Unternehmensnamen.\">They have renamed themselves and now carry the word &#8220;Interliving&#8221; in the company name. <\/span><span title=\"Weiteres Bildmaterial, eine gesamte \u00dcbersicht \u00fcber alle teilnehmenden H\u00e4ndler und den aktuellen TV-Spot sehen Sie auf www.interliving.de.\">Further pictures, an overview of all participating dealers and the current TV commercial can be viewed at www.interliving.de.<\/span><\/span><\/p>\n","protected":false},"excerpt":{"rendered":"<p>Roundup of Interliving (Germany) Ad Campaign, including TV spot, BTS of photoshoot, social media, more.<\/p>\n","protected":false},"author":2,"featured_media":501296,"comment_status":"open","ping_status":"closed","sticky":false,"template":"","format":"standard","meta":{"_analytify_skip_tracking":false,"footnotes":""},"categories":[3007,37],"tags":[7269,7260,7190,7268,7162,7261,7267,7144,7176],"class_list":{"0":"post-501235","1":"post","2":"type-post","3":"status-publish","4":"format-standard","5":"has-post-thumbnail","7":"category-feed","8":"category-press","9":"tag-500-miles","10":"tag-advertisement","11":"tag-behind-the-scenes","12":"tag-bts","13":"tag-germany","14":"tag-interliving","15":"tag-jens-koch-fotografie","16":"tag-photoshoot","17":"tag-tv-spot"},"yoast_head":"<!-- This site is optimized with the Yoast SEO Premium plugin v22.1 (Yoast SEO v27.5) - https:\/\/yoast.com\/product\/yoast-seo-premium-wordpress\/ -->\n<title>Gerry&#039;s Interliving Ad Spot for German TV - Gerard Butler GALS<\/title>\n<meta name=\"robots\" content=\"index, follow, max-snippet:-1, max-image-preview:large, max-video-preview:-1\" \/>\n<link rel=\"canonical\" href=\"https:\/\/gerardbutlergals.com\/content\/press\/gerrys-interliving-ad-spot-for-german-tv\/\" \/>\n<meta property=\"og:locale\" content=\"en_US\" \/>\n<meta property=\"og:type\" content=\"article\" \/>\n<meta property=\"og:title\" content=\"Gerry&#039;s Interliving Ad Spot for German TV\" \/>\n<meta property=\"og:description\" content=\"Roundup of Interliving (Germany) Ad Campaign, including TV spot, BTS of photoshoot, social media, more.\" \/>\n<meta property=\"og:url\" content=\"https:\/\/gerardbutlergals.com\/content\/press\/gerrys-interliving-ad-spot-for-german-tv\/\" \/>\n<meta property=\"og:site_name\" content=\"Gerard Butler GALS\" \/>\n<meta property=\"article:publisher\" content=\"https:\/\/www.facebook.com\/gbgals\" \/>\n<meta property=\"article:published_time\" content=\"2018-09-15T03:08:16+00:00\" \/>\n<meta property=\"article:modified_time\" content=\"2018-09-26T18:35:08+00:00\" \/>\n<meta property=\"og:image\" content=\"https:\/\/gerardbutlergals.com\/content\/wp-content\/uploads\/2018\/09\/Interliving-TV-Spot-40-sec-version.png\" \/>\n\t<meta property=\"og:image:width\" content=\"946\" \/>\n\t<meta property=\"og:image:height\" content=\"475\" \/>\n\t<meta property=\"og:image:type\" content=\"image\/png\" \/>\n<meta name=\"author\" content=\"becozy\" \/>\n<meta name=\"twitter:card\" content=\"summary_large_image\" \/>\n<meta name=\"twitter:creator\" content=\"@GBGALS\" \/>\n<meta name=\"twitter:site\" content=\"@GBGALS\" \/>\n<meta name=\"twitter:label1\" content=\"Written by\" \/>\n\t<meta name=\"twitter:data1\" content=\"becozy\" \/>\n\t<meta name=\"twitter:label2\" content=\"Est. reading time\" \/>\n\t<meta name=\"twitter:data2\" content=\"3 minutes\" \/>\n<script type=\"application\/ld+json\" class=\"yoast-schema-graph\">{\"@context\":\"https:\\\/\\\/schema.org\",\"@graph\":[{\"@type\":\"Article\",\"@id\":\"https:\\\/\\\/gerardbutlergals.com\\\/content\\\/press\\\/gerrys-interliving-ad-spot-for-german-tv\\\/#article\",\"isPartOf\":{\"@id\":\"https:\\\/\\\/gerardbutlergals.com\\\/content\\\/press\\\/gerrys-interliving-ad-spot-for-german-tv\\\/\"},\"author\":{\"name\":\"becozy\",\"@id\":\"https:\\\/\\\/gerardbutlergals.com\\\/content\\\/#\\\/schema\\\/person\\\/c12cf2a52b1b634b6d77df69841c8416\"},\"headline\":\"Gerry&#8217;s Interliving Ad Spot for German TV\",\"datePublished\":\"2018-09-15T03:08:16+00:00\",\"dateModified\":\"2018-09-26T18:35:08+00:00\",\"mainEntityOfPage\":{\"@id\":\"https:\\\/\\\/gerardbutlergals.com\\\/content\\\/press\\\/gerrys-interliving-ad-spot-for-german-tv\\\/\"},\"wordCount\":700,\"commentCount\":0,\"publisher\":{\"@id\":\"https:\\\/\\\/gerardbutlergals.com\\\/content\\\/#organization\"},\"image\":{\"@id\":\"https:\\\/\\\/gerardbutlergals.com\\\/content\\\/press\\\/gerrys-interliving-ad-spot-for-german-tv\\\/#primaryimage\"},\"thumbnailUrl\":\"https:\\\/\\\/gerardbutlergals.com\\\/content\\\/wp-content\\\/uploads\\\/2018\\\/09\\\/Interliving-TV-Spot-40-sec-version.png\",\"keywords\":[\"500 miles\",\"Advertisement\",\"Behind the scenes\",\"BTS\",\"Germany\",\"Interliving\",\"Jens Koch Fotografie\",\"Photoshoot\",\"TV Spot\"],\"articleSection\":[\"Feed\",\"Press\"],\"inLanguage\":\"en-US\",\"potentialAction\":[{\"@type\":\"CommentAction\",\"name\":\"Comment\",\"target\":[\"https:\\\/\\\/gerardbutlergals.com\\\/content\\\/press\\\/gerrys-interliving-ad-spot-for-german-tv\\\/#respond\"]}]},{\"@type\":\"WebPage\",\"@id\":\"https:\\\/\\\/gerardbutlergals.com\\\/content\\\/press\\\/gerrys-interliving-ad-spot-for-german-tv\\\/\",\"url\":\"https:\\\/\\\/gerardbutlergals.com\\\/content\\\/press\\\/gerrys-interliving-ad-spot-for-german-tv\\\/\",\"name\":\"Gerry's Interliving Ad Spot for German TV - Gerard Butler GALS\",\"isPartOf\":{\"@id\":\"https:\\\/\\\/gerardbutlergals.com\\\/content\\\/#website\"},\"primaryImageOfPage\":{\"@id\":\"https:\\\/\\\/gerardbutlergals.com\\\/content\\\/press\\\/gerrys-interliving-ad-spot-for-german-tv\\\/#primaryimage\"},\"image\":{\"@id\":\"https:\\\/\\\/gerardbutlergals.com\\\/content\\\/press\\\/gerrys-interliving-ad-spot-for-german-tv\\\/#primaryimage\"},\"thumbnailUrl\":\"https:\\\/\\\/gerardbutlergals.com\\\/content\\\/wp-content\\\/uploads\\\/2018\\\/09\\\/Interliving-TV-Spot-40-sec-version.png\",\"datePublished\":\"2018-09-15T03:08:16+00:00\",\"dateModified\":\"2018-09-26T18:35:08+00:00\",\"breadcrumb\":{\"@id\":\"https:\\\/\\\/gerardbutlergals.com\\\/content\\\/press\\\/gerrys-interliving-ad-spot-for-german-tv\\\/#breadcrumb\"},\"inLanguage\":\"en-US\",\"potentialAction\":[{\"@type\":\"ReadAction\",\"target\":[\"https:\\\/\\\/gerardbutlergals.com\\\/content\\\/press\\\/gerrys-interliving-ad-spot-for-german-tv\\\/\"]}]},{\"@type\":\"ImageObject\",\"inLanguage\":\"en-US\",\"@id\":\"https:\\\/\\\/gerardbutlergals.com\\\/content\\\/press\\\/gerrys-interliving-ad-spot-for-german-tv\\\/#primaryimage\",\"url\":\"https:\\\/\\\/gerardbutlergals.com\\\/content\\\/wp-content\\\/uploads\\\/2018\\\/09\\\/Interliving-TV-Spot-40-sec-version.png\",\"contentUrl\":\"https:\\\/\\\/gerardbutlergals.com\\\/content\\\/wp-content\\\/uploads\\\/2018\\\/09\\\/Interliving-TV-Spot-40-sec-version.png\",\"width\":946,\"height\":475},{\"@type\":\"BreadcrumbList\",\"@id\":\"https:\\\/\\\/gerardbutlergals.com\\\/content\\\/press\\\/gerrys-interliving-ad-spot-for-german-tv\\\/#breadcrumb\",\"itemListElement\":[{\"@type\":\"ListItem\",\"position\":1,\"name\":\"Home\",\"item\":\"https:\\\/\\\/gerardbutlergals.com\\\/content\\\/\"},{\"@type\":\"ListItem\",\"position\":2,\"name\":\"Gerry&#8217;s Interliving Ad Spot for German TV\"}]},{\"@type\":\"WebSite\",\"@id\":\"https:\\\/\\\/gerardbutlergals.com\\\/content\\\/#website\",\"url\":\"https:\\\/\\\/gerardbutlergals.com\\\/content\\\/\",\"name\":\"Gerard Butler GALS\",\"description\":\"\",\"publisher\":{\"@id\":\"https:\\\/\\\/gerardbutlergals.com\\\/content\\\/#organization\"},\"potentialAction\":[{\"@type\":\"SearchAction\",\"target\":{\"@type\":\"EntryPoint\",\"urlTemplate\":\"https:\\\/\\\/gerardbutlergals.com\\\/content\\\/?s={search_term_string}\"},\"query-input\":{\"@type\":\"PropertyValueSpecification\",\"valueRequired\":true,\"valueName\":\"search_term_string\"}}],\"inLanguage\":\"en-US\"},{\"@type\":\"Organization\",\"@id\":\"https:\\\/\\\/gerardbutlergals.com\\\/content\\\/#organization\",\"name\":\"Gerard Butler GALS\",\"url\":\"https:\\\/\\\/gerardbutlergals.com\\\/content\\\/\",\"logo\":{\"@type\":\"ImageObject\",\"inLanguage\":\"en-US\",\"@id\":\"https:\\\/\\\/gerardbutlergals.com\\\/content\\\/#\\\/schema\\\/logo\\\/image\\\/\",\"url\":\"https:\\\/\\\/gerardbutlergals.com\\\/content\\\/wp-content\\\/uploads\\\/2023\\\/02\\\/instagramlogo.png\",\"contentUrl\":\"https:\\\/\\\/gerardbutlergals.com\\\/content\\\/wp-content\\\/uploads\\\/2023\\\/02\\\/instagramlogo.png\",\"width\":322,\"height\":318,\"caption\":\"Gerard Butler GALS\"},\"image\":{\"@id\":\"https:\\\/\\\/gerardbutlergals.com\\\/content\\\/#\\\/schema\\\/logo\\\/image\\\/\"},\"sameAs\":[\"https:\\\/\\\/www.facebook.com\\\/gbgals\",\"https:\\\/\\\/x.com\\\/GBGALS\",\"http:\\\/\\\/www.pinterest.com\\\/gbgals\\\/\",\"https:\\\/\\\/www.youtube.com\\\/user\\\/gbgals\"]},{\"@type\":\"Person\",\"@id\":\"https:\\\/\\\/gerardbutlergals.com\\\/content\\\/#\\\/schema\\\/person\\\/c12cf2a52b1b634b6d77df69841c8416\",\"name\":\"becozy\",\"image\":{\"@type\":\"ImageObject\",\"inLanguage\":\"en-US\",\"@id\":\"https:\\\/\\\/secure.gravatar.com\\\/avatar\\\/c276db4d65be17b6168d1872232dc32712faaff66a837c4e4a43084ea5ae6ace?s=96&d=mm&r=g\",\"url\":\"https:\\\/\\\/secure.gravatar.com\\\/avatar\\\/c276db4d65be17b6168d1872232dc32712faaff66a837c4e4a43084ea5ae6ace?s=96&d=mm&r=g\",\"contentUrl\":\"https:\\\/\\\/secure.gravatar.com\\\/avatar\\\/c276db4d65be17b6168d1872232dc32712faaff66a837c4e4a43084ea5ae6ace?s=96&d=mm&r=g\",\"caption\":\"becozy\"},\"description\":\"Becozy fell under Gerry\u2019s spell when she watched Phantom of The Opera for the first time in May 2005, while recovering from knee surgery. She was smitten with the Phantom from the moment his face appeared in the mirror, falling in love during the Music of the Night. After searching the internet for information about the actor able to cast such a spell, she discovered Gerard Butler. Her life, and that of her family, hasn\u2019t been the same since. With Gerry as a common bond, becozy has an expanding world of cyber and real friends.\u00a0 Her family has greeted her new found \u2018hobby\u2019 with enthusiasm and her new friends with a warm welcome. Happily, her husband and two (now adult) children share her admiration of Gerry. Her family knows and understands all Gerry references in their correct context. Mention 3AM, camels, or yellow towels, for example and you\u2019ll get a knowing nod! Over ten years later, as much time as possible each day is spent in the care and nurturing of her Addiction. It is a delicate balancing act to fulfill her duties as wife and mom and her duties as a GAL, but one she is determined to master.\",\"sameAs\":[\"http:\\\/\\\/gbgals.com\\\/content\"],\"jobTitle\":\"Administrator\",\"url\":\"https:\\\/\\\/gerardbutlergals.com\\\/content\\\/author\\\/barb\\\/\"}]}<\/script>\n<!-- \/ Yoast SEO Premium plugin. -->","yoast_head_json":{"title":"Gerry's Interliving Ad Spot for German TV - Gerard Butler GALS","robots":{"index":"index","follow":"follow","max-snippet":"max-snippet:-1","max-image-preview":"max-image-preview:large","max-video-preview":"max-video-preview:-1"},"canonical":"https:\/\/gerardbutlergals.com\/content\/press\/gerrys-interliving-ad-spot-for-german-tv\/","og_locale":"en_US","og_type":"article","og_title":"Gerry's Interliving Ad Spot for German TV","og_description":"Roundup of Interliving (Germany) Ad Campaign, including TV spot, BTS of photoshoot, social media, more.","og_url":"https:\/\/gerardbutlergals.com\/content\/press\/gerrys-interliving-ad-spot-for-german-tv\/","og_site_name":"Gerard Butler GALS","article_publisher":"https:\/\/www.facebook.com\/gbgals","article_published_time":"2018-09-15T03:08:16+00:00","article_modified_time":"2018-09-26T18:35:08+00:00","og_image":[{"width":946,"height":475,"url":"https:\/\/gerardbutlergals.com\/content\/wp-content\/uploads\/2018\/09\/Interliving-TV-Spot-40-sec-version.png","type":"image\/png"}],"author":"becozy","twitter_card":"summary_large_image","twitter_creator":"@GBGALS","twitter_site":"@GBGALS","twitter_misc":{"Written by":"becozy","Est. reading time":"3 minutes"},"schema":{"@context":"https:\/\/schema.org","@graph":[{"@type":"Article","@id":"https:\/\/gerardbutlergals.com\/content\/press\/gerrys-interliving-ad-spot-for-german-tv\/#article","isPartOf":{"@id":"https:\/\/gerardbutlergals.com\/content\/press\/gerrys-interliving-ad-spot-for-german-tv\/"},"author":{"name":"becozy","@id":"https:\/\/gerardbutlergals.com\/content\/#\/schema\/person\/c12cf2a52b1b634b6d77df69841c8416"},"headline":"Gerry&#8217;s Interliving Ad Spot for German TV","datePublished":"2018-09-15T03:08:16+00:00","dateModified":"2018-09-26T18:35:08+00:00","mainEntityOfPage":{"@id":"https:\/\/gerardbutlergals.com\/content\/press\/gerrys-interliving-ad-spot-for-german-tv\/"},"wordCount":700,"commentCount":0,"publisher":{"@id":"https:\/\/gerardbutlergals.com\/content\/#organization"},"image":{"@id":"https:\/\/gerardbutlergals.com\/content\/press\/gerrys-interliving-ad-spot-for-german-tv\/#primaryimage"},"thumbnailUrl":"https:\/\/gerardbutlergals.com\/content\/wp-content\/uploads\/2018\/09\/Interliving-TV-Spot-40-sec-version.png","keywords":["500 miles","Advertisement","Behind the scenes","BTS","Germany","Interliving","Jens Koch Fotografie","Photoshoot","TV Spot"],"articleSection":["Feed","Press"],"inLanguage":"en-US","potentialAction":[{"@type":"CommentAction","name":"Comment","target":["https:\/\/gerardbutlergals.com\/content\/press\/gerrys-interliving-ad-spot-for-german-tv\/#respond"]}]},{"@type":"WebPage","@id":"https:\/\/gerardbutlergals.com\/content\/press\/gerrys-interliving-ad-spot-for-german-tv\/","url":"https:\/\/gerardbutlergals.com\/content\/press\/gerrys-interliving-ad-spot-for-german-tv\/","name":"Gerry's Interliving Ad Spot for German TV - Gerard Butler GALS","isPartOf":{"@id":"https:\/\/gerardbutlergals.com\/content\/#website"},"primaryImageOfPage":{"@id":"https:\/\/gerardbutlergals.com\/content\/press\/gerrys-interliving-ad-spot-for-german-tv\/#primaryimage"},"image":{"@id":"https:\/\/gerardbutlergals.com\/content\/press\/gerrys-interliving-ad-spot-for-german-tv\/#primaryimage"},"thumbnailUrl":"https:\/\/gerardbutlergals.com\/content\/wp-content\/uploads\/2018\/09\/Interliving-TV-Spot-40-sec-version.png","datePublished":"2018-09-15T03:08:16+00:00","dateModified":"2018-09-26T18:35:08+00:00","breadcrumb":{"@id":"https:\/\/gerardbutlergals.com\/content\/press\/gerrys-interliving-ad-spot-for-german-tv\/#breadcrumb"},"inLanguage":"en-US","potentialAction":[{"@type":"ReadAction","target":["https:\/\/gerardbutlergals.com\/content\/press\/gerrys-interliving-ad-spot-for-german-tv\/"]}]},{"@type":"ImageObject","inLanguage":"en-US","@id":"https:\/\/gerardbutlergals.com\/content\/press\/gerrys-interliving-ad-spot-for-german-tv\/#primaryimage","url":"https:\/\/gerardbutlergals.com\/content\/wp-content\/uploads\/2018\/09\/Interliving-TV-Spot-40-sec-version.png","contentUrl":"https:\/\/gerardbutlergals.com\/content\/wp-content\/uploads\/2018\/09\/Interliving-TV-Spot-40-sec-version.png","width":946,"height":475},{"@type":"BreadcrumbList","@id":"https:\/\/gerardbutlergals.com\/content\/press\/gerrys-interliving-ad-spot-for-german-tv\/#breadcrumb","itemListElement":[{"@type":"ListItem","position":1,"name":"Home","item":"https:\/\/gerardbutlergals.com\/content\/"},{"@type":"ListItem","position":2,"name":"Gerry&#8217;s Interliving Ad Spot for German TV"}]},{"@type":"WebSite","@id":"https:\/\/gerardbutlergals.com\/content\/#website","url":"https:\/\/gerardbutlergals.com\/content\/","name":"Gerard Butler GALS","description":"","publisher":{"@id":"https:\/\/gerardbutlergals.com\/content\/#organization"},"potentialAction":[{"@type":"SearchAction","target":{"@type":"EntryPoint","urlTemplate":"https:\/\/gerardbutlergals.com\/content\/?s={search_term_string}"},"query-input":{"@type":"PropertyValueSpecification","valueRequired":true,"valueName":"search_term_string"}}],"inLanguage":"en-US"},{"@type":"Organization","@id":"https:\/\/gerardbutlergals.com\/content\/#organization","name":"Gerard Butler GALS","url":"https:\/\/gerardbutlergals.com\/content\/","logo":{"@type":"ImageObject","inLanguage":"en-US","@id":"https:\/\/gerardbutlergals.com\/content\/#\/schema\/logo\/image\/","url":"https:\/\/gerardbutlergals.com\/content\/wp-content\/uploads\/2023\/02\/instagramlogo.png","contentUrl":"https:\/\/gerardbutlergals.com\/content\/wp-content\/uploads\/2023\/02\/instagramlogo.png","width":322,"height":318,"caption":"Gerard Butler GALS"},"image":{"@id":"https:\/\/gerardbutlergals.com\/content\/#\/schema\/logo\/image\/"},"sameAs":["https:\/\/www.facebook.com\/gbgals","https:\/\/x.com\/GBGALS","http:\/\/www.pinterest.com\/gbgals\/","https:\/\/www.youtube.com\/user\/gbgals"]},{"@type":"Person","@id":"https:\/\/gerardbutlergals.com\/content\/#\/schema\/person\/c12cf2a52b1b634b6d77df69841c8416","name":"becozy","image":{"@type":"ImageObject","inLanguage":"en-US","@id":"https:\/\/secure.gravatar.com\/avatar\/c276db4d65be17b6168d1872232dc32712faaff66a837c4e4a43084ea5ae6ace?s=96&d=mm&r=g","url":"https:\/\/secure.gravatar.com\/avatar\/c276db4d65be17b6168d1872232dc32712faaff66a837c4e4a43084ea5ae6ace?s=96&d=mm&r=g","contentUrl":"https:\/\/secure.gravatar.com\/avatar\/c276db4d65be17b6168d1872232dc32712faaff66a837c4e4a43084ea5ae6ace?s=96&d=mm&r=g","caption":"becozy"},"description":"Becozy fell under Gerry\u2019s spell when she watched Phantom of The Opera for the first time in May 2005, while recovering from knee surgery. She was smitten with the Phantom from the moment his face appeared in the mirror, falling in love during the Music of the Night. After searching the internet for information about the actor able to cast such a spell, she discovered Gerard Butler. Her life, and that of her family, hasn\u2019t been the same since. With Gerry as a common bond, becozy has an expanding world of cyber and real friends.\u00a0 Her family has greeted her new found \u2018hobby\u2019 with enthusiasm and her new friends with a warm welcome. Happily, her husband and two (now adult) children share her admiration of Gerry. Her family knows and understands all Gerry references in their correct context. Mention 3AM, camels, or yellow towels, for example and you\u2019ll get a knowing nod! Over ten years later, as much time as possible each day is spent in the care and nurturing of her Addiction. It is a delicate balancing act to fulfill her duties as wife and mom and her duties as a GAL, but one she is determined to master.","sameAs":["http:\/\/gbgals.com\/content"],"jobTitle":"Administrator","url":"https:\/\/gerardbutlergals.com\/content\/author\/barb\/"}]}},"amp_enabled":true,"_links":{"self":[{"href":"https:\/\/gerardbutlergals.com\/content\/wp-json\/wp\/v2\/posts\/501235","targetHints":{"allow":["GET"]}}],"collection":[{"href":"https:\/\/gerardbutlergals.com\/content\/wp-json\/wp\/v2\/posts"}],"about":[{"href":"https:\/\/gerardbutlergals.com\/content\/wp-json\/wp\/v2\/types\/post"}],"author":[{"embeddable":true,"href":"https:\/\/gerardbutlergals.com\/content\/wp-json\/wp\/v2\/users\/2"}],"replies":[{"embeddable":true,"href":"https:\/\/gerardbutlergals.com\/content\/wp-json\/wp\/v2\/comments?post=501235"}],"version-history":[{"count":0,"href":"https:\/\/gerardbutlergals.com\/content\/wp-json\/wp\/v2\/posts\/501235\/revisions"}],"wp:featuredmedia":[{"embeddable":true,"href":"https:\/\/gerardbutlergals.com\/content\/wp-json\/wp\/v2\/media\/501296"}],"wp:attachment":[{"href":"https:\/\/gerardbutlergals.com\/content\/wp-json\/wp\/v2\/media?parent=501235"}],"wp:term":[{"taxonomy":"category","embeddable":true,"href":"https:\/\/gerardbutlergals.com\/content\/wp-json\/wp\/v2\/categories?post=501235"},{"taxonomy":"post_tag","embeddable":true,"href":"https:\/\/gerardbutlergals.com\/content\/wp-json\/wp\/v2\/tags?post=501235"}],"curies":[{"name":"wp","href":"https:\/\/api.w.org\/{rel}","templated":true}]}}