{"id":162352,"date":"2015-08-24T10:50:39","date_gmt":"2015-08-24T16:50:39","guid":{"rendered":"http:\/\/gerardbutlergals.com\/content\/?p=162352"},"modified":"2015-08-24T20:00:58","modified_gmt":"2015-08-25T02:00:58","slug":"video-of-gerry-for-ford","status":"publish","type":"post","link":"https:\/\/gerardbutlergals.com\/content\/press\/video-of-gerry-for-ford\/","title":{"rendered":"Video of Gerry for Ford"},"content":{"rendered":"<div id=\"fb-root\"><a href=\"https:\/\/s3-us-west-2.amazonaws.com\/br.com.ccsp.test.videout\/464238-270ab\/720p.mp4\">https:\/\/s3-us-west-2.amazonaws.com\/br.com.ccsp.test.videout\/464238-270ab\/720p.mp4<\/a><\/div>\n<div class=\"fb-post\" data-href=\"https:\/\/www.facebook.com\/fordfocusbrasil\/videos\/905242722865013\/\" data-width=\"500\">\n<div class=\"fb-xfbml-parse-ignore\">\n<blockquote cite=\"https:\/\/www.facebook.com\/fordfocusbrasil\/videos\/905242722865013\/\"><p>Est\u00e1 na hora de conhecer uma nova categoria de carro que une performance e tecnologia para mostrar que n\u00e3o \u00e9 um sed\u00e3 convencional. \u00c9 um Focus Fastback:<\/p>\n<p>Posted by <a href=\"https:\/\/www.facebook.com\/fordfocusbrasil\">Ford Focus<\/a> on\u00a0<a href=\"https:\/\/www.facebook.com\/fordfocusbrasil\/videos\/905242722865013\/\">Monday, August 24, 2015<\/a><\/p><\/blockquote>\n<\/div>\n<\/div>\n<p>Source: http:\/\/www.clubedecriacao.com.br\/ultimas\/pre-estreia-2-36\/ (Translation via Google)<\/p>\n<p><span id=\"result_box\" class=\"\" lang=\"en\"><span title=\"O charmoso ator e produtor escoc\u00eas Gerard Butler protagoniza comercial que integra campanha do Focus Fastback, modelo bastante aguardado da Ford. \">The charming Scottish actor and producer Gerard Butler stars in commercial campaign that integrates the Focus Fastback, very awaited Ford model.<\/span><\/span><\/p>\n<p><span title=\"Segundo a montadora, trata-se de seu &quot;maior investimento&quot; em um projeto de comunica\u00e7\u00e3o, este ano. \">According to the automaker, it is his &#8220;greatest investment&#8221; in a communication project this year.<\/span><\/p>\n<p><span title=\"O primeiro de uma s\u00e9rie de quatro filmes chega \u00e0 telinha nesta segunda-feira (24). \">The first in a series of four films comes to the small screen on Monday (24).<\/span><\/p>\n<p><span title=\"A campanha, criada pela Blue Hive, tamb\u00e9m contar\u00e1 com material para o meio digital, pe\u00e7as para m\u00eddia impressa, program\u00e1tica e social media. \">The campaign, created by Blue Hive, will also feature material for digital media, parts for print, programmatic and social media.<\/span><\/p>\n<p><span title=\"A montadora afirma, por meio da comunica\u00e7\u00e3o, que &quot;est\u00e1 lan\u00e7ando uma nova categoria de carro: a Fastback&quot;. \">The automaker says, through communication, which &#8220;is launching a new category of car: Fastback&#8221;.<\/span><\/p>\n<p><span title=\"\u201cUm carro com esse diferencial tecnol\u00f3gico merecia uma campanha \u00e0 altura, por isso nos mobilizamos para a realiza\u00e7\u00e3o de um trabalho t\u00e3o grandioso e com a presen\u00e7a de um ator como o Butler\u201d, argumenta Oswaldo Ramos, gerente geral de marketing da Ford para a Am\u00e9rica\">&#8220;A car with this technological edge deserved a campaign to time, so we mobilized for the realization of a work so great and the presence of an actor like Butler,&#8221; argues Oswaldo Ramos, general manager of Ford&#8217;s marketing to America <\/span><span title=\"do Sul. \">southern.<\/span><\/p>\n<p><span title=\"\u201cA presen\u00e7a de Butler traduz este esp\u00edrito e atitude de quem dirige um Fastback, dando a grandiosidade de toda a campanha intitulada Focus Fastback Drive\u201d, comenta Vico Benevides, diretor de cria\u00e7\u00e3o executivo da Blue Hive. \">&#8220;The presence of Butler translates this spirit and attitude of someone who drives a Fastback, giving the grandeur of the whole campaign entitled Focus Fastback Drive,&#8221; said Vico Benevides, executive director of creation of Blue Hive.<\/span><\/p>\n<p><span title=\"O comercial foi rodado entre os dias 5 e 6 de agosto, em um dos hangares do Campo de Marte, em S\u00e3o Paulo.\">The commercial was shot between the 5th and 6th of August, in one of the hangars of the Champ de Mars, in S\u00e3o Paulo. <\/span><span title=\"Nas cenas de performance, o pr\u00f3prio Butler dirigiu o carro.\">In the performance scenes, Butler himself drove the car. <\/span><span title=\"A produ\u00e7\u00e3o reuniu equipe com mais de 100 pessoas. \">The production team met with over 100 people.<\/span><\/p>\n<p><span title=\"Na cena final, duas profissionais de corrida, a brasileira Michelle de Jesus e a colombiana Manuela Vasquez, chegam ao hangar, dirigindo dois Ford Focus Fastback.\">In the final scene, two racing professionals, the Brazilian Michelle Jesus and the Colombian Manuela Vasquez, arrive at the hangar, driving two Ford Focus Fastback. <\/span><span title=\"Elas param ao lado do carro de Butler. \">They stop next to the Butler&#8217;s car.<\/span><\/p>\n<p><span title=\"No repique, o ator diz: \u201cVoc\u00ea n\u00e3o pode testar uma m\u00e1quina como esta apenas com uma voltinha no quarteir\u00e3o\u201d.\">In peal, the actor says, &#8220;You can not test a machine like this with just a walk around the block.&#8221; <\/span><span title=\"A ag\u00eancia avisa que haver\u00e1 continuidade da campanha.\">The agency warns that there will be continuity of the campaign.<\/span><\/p>\n<p><img decoding=\"async\" class=\"ngg_displayed_gallery mceItem\" src=\"http:\/\/gerardbutlergals.com\/content\/nextgen-attach_to_post\/preview\/id--162376\" alt=\"\" data-mce-placeholder=\"1\" \/><\/p>\n","protected":false},"excerpt":{"rendered":"<p>First look at Gerry&#8217;s commercial for Ford\/Brazil.<\/p>\n","protected":false},"author":2,"featured_media":162358,"comment_status":"open","ping_status":"closed","sticky":false,"template":"","format":"standard","meta":{"_analytify_skip_tracking":false,"footnotes":""},"categories":[3007,37],"tags":[],"class_list":{"0":"post-162352","1":"post","2":"type-post","3":"status-publish","4":"format-standard","5":"has-post-thumbnail","7":"category-feed","8":"category-press"},"yoast_head":"<!-- This site is optimized with the Yoast SEO Premium plugin v22.1 (Yoast SEO v27.4) - https:\/\/yoast.com\/product\/yoast-seo-premium-wordpress\/ -->\n<title>Video of Gerry for Ford - Gerard Butler GALS<\/title>\n<meta name=\"robots\" content=\"index, follow, max-snippet:-1, max-image-preview:large, max-video-preview:-1\" \/>\n<link rel=\"canonical\" href=\"https:\/\/gerardbutlergals.com\/content\/press\/video-of-gerry-for-ford\/\" \/>\n<meta property=\"og:locale\" content=\"en_US\" \/>\n<meta property=\"og:type\" content=\"article\" \/>\n<meta property=\"og:title\" content=\"Video of Gerry for Ford\" \/>\n<meta property=\"og:description\" content=\"First look at Gerry&#039;s commercial for Ford\/Brazil.\" \/>\n<meta property=\"og:url\" content=\"https:\/\/gerardbutlergals.com\/content\/press\/video-of-gerry-for-ford\/\" \/>\n<meta property=\"og:site_name\" content=\"Gerard Butler GALS\" \/>\n<meta property=\"article:publisher\" content=\"https:\/\/www.facebook.com\/gbgals\" \/>\n<meta property=\"article:published_time\" content=\"2015-08-24T16:50:39+00:00\" \/>\n<meta property=\"article:modified_time\" content=\"2015-08-25T02:00:58+00:00\" \/>\n<meta property=\"og:image\" content=\"https:\/\/gerardbutlergals.com\/content\/wp-content\/uploads\/ngg_featured\/Ford-crop.jpg\" \/>\n\t<meta property=\"og:image:width\" content=\"838\" \/>\n\t<meta property=\"og:image:height\" content=\"367\" \/>\n\t<meta property=\"og:image:type\" content=\"image\/jpeg\" \/>\n<meta name=\"author\" content=\"becozy\" \/>\n<meta name=\"twitter:card\" content=\"summary_large_image\" \/>\n<meta name=\"twitter:creator\" content=\"@GBGALS\" \/>\n<meta name=\"twitter:site\" content=\"@GBGALS\" \/>\n<meta name=\"twitter:label1\" content=\"Written by\" \/>\n\t<meta name=\"twitter:data1\" content=\"becozy\" \/>\n\t<meta name=\"twitter:label2\" content=\"Est. reading time\" \/>\n\t<meta name=\"twitter:data2\" content=\"2 minutes\" \/>\n<script type=\"application\/ld+json\" class=\"yoast-schema-graph\">{\"@context\":\"https:\\\/\\\/schema.org\",\"@graph\":[{\"@type\":\"Article\",\"@id\":\"https:\\\/\\\/gerardbutlergals.com\\\/content\\\/press\\\/video-of-gerry-for-ford\\\/#article\",\"isPartOf\":{\"@id\":\"https:\\\/\\\/gerardbutlergals.com\\\/content\\\/press\\\/video-of-gerry-for-ford\\\/\"},\"author\":{\"name\":\"becozy\",\"@id\":\"https:\\\/\\\/gerardbutlergals.com\\\/content\\\/#\\\/schema\\\/person\\\/c12cf2a52b1b634b6d77df69841c8416\"},\"headline\":\"Video of Gerry for Ford\",\"datePublished\":\"2015-08-24T16:50:39+00:00\",\"dateModified\":\"2015-08-25T02:00:58+00:00\",\"mainEntityOfPage\":{\"@id\":\"https:\\\/\\\/gerardbutlergals.com\\\/content\\\/press\\\/video-of-gerry-for-ford\\\/\"},\"wordCount\":332,\"commentCount\":1,\"publisher\":{\"@id\":\"https:\\\/\\\/gerardbutlergals.com\\\/content\\\/#organization\"},\"image\":{\"@id\":\"https:\\\/\\\/gerardbutlergals.com\\\/content\\\/press\\\/video-of-gerry-for-ford\\\/#primaryimage\"},\"thumbnailUrl\":\"https:\\\/\\\/gerardbutlergals.com\\\/content\\\/wp-content\\\/uploads\\\/ngg_featured\\\/Ford-crop.jpg\",\"articleSection\":[\"Feed\",\"Press\"],\"inLanguage\":\"en-US\",\"potentialAction\":[{\"@type\":\"CommentAction\",\"name\":\"Comment\",\"target\":[\"https:\\\/\\\/gerardbutlergals.com\\\/content\\\/press\\\/video-of-gerry-for-ford\\\/#respond\"]}]},{\"@type\":\"WebPage\",\"@id\":\"https:\\\/\\\/gerardbutlergals.com\\\/content\\\/press\\\/video-of-gerry-for-ford\\\/\",\"url\":\"https:\\\/\\\/gerardbutlergals.com\\\/content\\\/press\\\/video-of-gerry-for-ford\\\/\",\"name\":\"Video of Gerry for Ford - Gerard Butler GALS\",\"isPartOf\":{\"@id\":\"https:\\\/\\\/gerardbutlergals.com\\\/content\\\/#website\"},\"primaryImageOfPage\":{\"@id\":\"https:\\\/\\\/gerardbutlergals.com\\\/content\\\/press\\\/video-of-gerry-for-ford\\\/#primaryimage\"},\"image\":{\"@id\":\"https:\\\/\\\/gerardbutlergals.com\\\/content\\\/press\\\/video-of-gerry-for-ford\\\/#primaryimage\"},\"thumbnailUrl\":\"https:\\\/\\\/gerardbutlergals.com\\\/content\\\/wp-content\\\/uploads\\\/ngg_featured\\\/Ford-crop.jpg\",\"datePublished\":\"2015-08-24T16:50:39+00:00\",\"dateModified\":\"2015-08-25T02:00:58+00:00\",\"breadcrumb\":{\"@id\":\"https:\\\/\\\/gerardbutlergals.com\\\/content\\\/press\\\/video-of-gerry-for-ford\\\/#breadcrumb\"},\"inLanguage\":\"en-US\",\"potentialAction\":[{\"@type\":\"ReadAction\",\"target\":[\"https:\\\/\\\/gerardbutlergals.com\\\/content\\\/press\\\/video-of-gerry-for-ford\\\/\"]}]},{\"@type\":\"ImageObject\",\"inLanguage\":\"en-US\",\"@id\":\"https:\\\/\\\/gerardbutlergals.com\\\/content\\\/press\\\/video-of-gerry-for-ford\\\/#primaryimage\",\"url\":\"https:\\\/\\\/gerardbutlergals.com\\\/content\\\/wp-content\\\/uploads\\\/ngg_featured\\\/Ford-crop.jpg\",\"contentUrl\":\"https:\\\/\\\/gerardbutlergals.com\\\/content\\\/wp-content\\\/uploads\\\/ngg_featured\\\/Ford-crop.jpg\",\"width\":838,\"height\":367},{\"@type\":\"BreadcrumbList\",\"@id\":\"https:\\\/\\\/gerardbutlergals.com\\\/content\\\/press\\\/video-of-gerry-for-ford\\\/#breadcrumb\",\"itemListElement\":[{\"@type\":\"ListItem\",\"position\":1,\"name\":\"Home\",\"item\":\"https:\\\/\\\/gerardbutlergals.com\\\/content\\\/\"},{\"@type\":\"ListItem\",\"position\":2,\"name\":\"Video of Gerry for Ford\"}]},{\"@type\":\"WebSite\",\"@id\":\"https:\\\/\\\/gerardbutlergals.com\\\/content\\\/#website\",\"url\":\"https:\\\/\\\/gerardbutlergals.com\\\/content\\\/\",\"name\":\"Gerard Butler GALS\",\"description\":\"\",\"publisher\":{\"@id\":\"https:\\\/\\\/gerardbutlergals.com\\\/content\\\/#organization\"},\"potentialAction\":[{\"@type\":\"SearchAction\",\"target\":{\"@type\":\"EntryPoint\",\"urlTemplate\":\"https:\\\/\\\/gerardbutlergals.com\\\/content\\\/?s={search_term_string}\"},\"query-input\":{\"@type\":\"PropertyValueSpecification\",\"valueRequired\":true,\"valueName\":\"search_term_string\"}}],\"inLanguage\":\"en-US\"},{\"@type\":\"Organization\",\"@id\":\"https:\\\/\\\/gerardbutlergals.com\\\/content\\\/#organization\",\"name\":\"Gerard Butler GALS\",\"url\":\"https:\\\/\\\/gerardbutlergals.com\\\/content\\\/\",\"logo\":{\"@type\":\"ImageObject\",\"inLanguage\":\"en-US\",\"@id\":\"https:\\\/\\\/gerardbutlergals.com\\\/content\\\/#\\\/schema\\\/logo\\\/image\\\/\",\"url\":\"https:\\\/\\\/gerardbutlergals.com\\\/content\\\/wp-content\\\/uploads\\\/2023\\\/02\\\/instagramlogo.png\",\"contentUrl\":\"https:\\\/\\\/gerardbutlergals.com\\\/content\\\/wp-content\\\/uploads\\\/2023\\\/02\\\/instagramlogo.png\",\"width\":322,\"height\":318,\"caption\":\"Gerard Butler GALS\"},\"image\":{\"@id\":\"https:\\\/\\\/gerardbutlergals.com\\\/content\\\/#\\\/schema\\\/logo\\\/image\\\/\"},\"sameAs\":[\"https:\\\/\\\/www.facebook.com\\\/gbgals\",\"https:\\\/\\\/x.com\\\/GBGALS\",\"http:\\\/\\\/www.pinterest.com\\\/gbgals\\\/\",\"https:\\\/\\\/www.youtube.com\\\/user\\\/gbgals\"]},{\"@type\":\"Person\",\"@id\":\"https:\\\/\\\/gerardbutlergals.com\\\/content\\\/#\\\/schema\\\/person\\\/c12cf2a52b1b634b6d77df69841c8416\",\"name\":\"becozy\",\"image\":{\"@type\":\"ImageObject\",\"inLanguage\":\"en-US\",\"@id\":\"https:\\\/\\\/secure.gravatar.com\\\/avatar\\\/c276db4d65be17b6168d1872232dc32712faaff66a837c4e4a43084ea5ae6ace?s=96&d=mm&r=g\",\"url\":\"https:\\\/\\\/secure.gravatar.com\\\/avatar\\\/c276db4d65be17b6168d1872232dc32712faaff66a837c4e4a43084ea5ae6ace?s=96&d=mm&r=g\",\"contentUrl\":\"https:\\\/\\\/secure.gravatar.com\\\/avatar\\\/c276db4d65be17b6168d1872232dc32712faaff66a837c4e4a43084ea5ae6ace?s=96&d=mm&r=g\",\"caption\":\"becozy\"},\"description\":\"Becozy fell under Gerry\u2019s spell when she watched Phantom of The Opera for the first time in May 2005, while recovering from knee surgery. She was smitten with the Phantom from the moment his face appeared in the mirror, falling in love during the Music of the Night. After searching the internet for information about the actor able to cast such a spell, she discovered Gerard Butler. Her life, and that of her family, hasn\u2019t been the same since. With Gerry as a common bond, becozy has an expanding world of cyber and real friends.\u00a0 Her family has greeted her new found \u2018hobby\u2019 with enthusiasm and her new friends with a warm welcome. Happily, her husband and two (now adult) children share her admiration of Gerry. Her family knows and understands all Gerry references in their correct context. Mention 3AM, camels, or yellow towels, for example and you\u2019ll get a knowing nod! Over ten years later, as much time as possible each day is spent in the care and nurturing of her Addiction. It is a delicate balancing act to fulfill her duties as wife and mom and her duties as a GAL, but one she is determined to master.\",\"sameAs\":[\"http:\\\/\\\/gbgals.com\\\/content\"],\"jobTitle\":\"Administrator\",\"url\":\"https:\\\/\\\/gerardbutlergals.com\\\/content\\\/author\\\/barb\\\/\"}]}<\/script>\n<!-- \/ Yoast SEO Premium plugin. -->","yoast_head_json":{"title":"Video of Gerry for Ford - Gerard Butler GALS","robots":{"index":"index","follow":"follow","max-snippet":"max-snippet:-1","max-image-preview":"max-image-preview:large","max-video-preview":"max-video-preview:-1"},"canonical":"https:\/\/gerardbutlergals.com\/content\/press\/video-of-gerry-for-ford\/","og_locale":"en_US","og_type":"article","og_title":"Video of Gerry for Ford","og_description":"First look at Gerry's commercial for Ford\/Brazil.","og_url":"https:\/\/gerardbutlergals.com\/content\/press\/video-of-gerry-for-ford\/","og_site_name":"Gerard Butler GALS","article_publisher":"https:\/\/www.facebook.com\/gbgals","article_published_time":"2015-08-24T16:50:39+00:00","article_modified_time":"2015-08-25T02:00:58+00:00","og_image":[{"width":838,"height":367,"url":"https:\/\/gerardbutlergals.com\/content\/wp-content\/uploads\/ngg_featured\/Ford-crop.jpg","type":"image\/jpeg"}],"author":"becozy","twitter_card":"summary_large_image","twitter_creator":"@GBGALS","twitter_site":"@GBGALS","twitter_misc":{"Written by":"becozy","Est. reading time":"2 minutes"},"schema":{"@context":"https:\/\/schema.org","@graph":[{"@type":"Article","@id":"https:\/\/gerardbutlergals.com\/content\/press\/video-of-gerry-for-ford\/#article","isPartOf":{"@id":"https:\/\/gerardbutlergals.com\/content\/press\/video-of-gerry-for-ford\/"},"author":{"name":"becozy","@id":"https:\/\/gerardbutlergals.com\/content\/#\/schema\/person\/c12cf2a52b1b634b6d77df69841c8416"},"headline":"Video of Gerry for Ford","datePublished":"2015-08-24T16:50:39+00:00","dateModified":"2015-08-25T02:00:58+00:00","mainEntityOfPage":{"@id":"https:\/\/gerardbutlergals.com\/content\/press\/video-of-gerry-for-ford\/"},"wordCount":332,"commentCount":1,"publisher":{"@id":"https:\/\/gerardbutlergals.com\/content\/#organization"},"image":{"@id":"https:\/\/gerardbutlergals.com\/content\/press\/video-of-gerry-for-ford\/#primaryimage"},"thumbnailUrl":"https:\/\/gerardbutlergals.com\/content\/wp-content\/uploads\/ngg_featured\/Ford-crop.jpg","articleSection":["Feed","Press"],"inLanguage":"en-US","potentialAction":[{"@type":"CommentAction","name":"Comment","target":["https:\/\/gerardbutlergals.com\/content\/press\/video-of-gerry-for-ford\/#respond"]}]},{"@type":"WebPage","@id":"https:\/\/gerardbutlergals.com\/content\/press\/video-of-gerry-for-ford\/","url":"https:\/\/gerardbutlergals.com\/content\/press\/video-of-gerry-for-ford\/","name":"Video of Gerry for Ford - Gerard Butler GALS","isPartOf":{"@id":"https:\/\/gerardbutlergals.com\/content\/#website"},"primaryImageOfPage":{"@id":"https:\/\/gerardbutlergals.com\/content\/press\/video-of-gerry-for-ford\/#primaryimage"},"image":{"@id":"https:\/\/gerardbutlergals.com\/content\/press\/video-of-gerry-for-ford\/#primaryimage"},"thumbnailUrl":"https:\/\/gerardbutlergals.com\/content\/wp-content\/uploads\/ngg_featured\/Ford-crop.jpg","datePublished":"2015-08-24T16:50:39+00:00","dateModified":"2015-08-25T02:00:58+00:00","breadcrumb":{"@id":"https:\/\/gerardbutlergals.com\/content\/press\/video-of-gerry-for-ford\/#breadcrumb"},"inLanguage":"en-US","potentialAction":[{"@type":"ReadAction","target":["https:\/\/gerardbutlergals.com\/content\/press\/video-of-gerry-for-ford\/"]}]},{"@type":"ImageObject","inLanguage":"en-US","@id":"https:\/\/gerardbutlergals.com\/content\/press\/video-of-gerry-for-ford\/#primaryimage","url":"https:\/\/gerardbutlergals.com\/content\/wp-content\/uploads\/ngg_featured\/Ford-crop.jpg","contentUrl":"https:\/\/gerardbutlergals.com\/content\/wp-content\/uploads\/ngg_featured\/Ford-crop.jpg","width":838,"height":367},{"@type":"BreadcrumbList","@id":"https:\/\/gerardbutlergals.com\/content\/press\/video-of-gerry-for-ford\/#breadcrumb","itemListElement":[{"@type":"ListItem","position":1,"name":"Home","item":"https:\/\/gerardbutlergals.com\/content\/"},{"@type":"ListItem","position":2,"name":"Video of Gerry for Ford"}]},{"@type":"WebSite","@id":"https:\/\/gerardbutlergals.com\/content\/#website","url":"https:\/\/gerardbutlergals.com\/content\/","name":"Gerard Butler GALS","description":"","publisher":{"@id":"https:\/\/gerardbutlergals.com\/content\/#organization"},"potentialAction":[{"@type":"SearchAction","target":{"@type":"EntryPoint","urlTemplate":"https:\/\/gerardbutlergals.com\/content\/?s={search_term_string}"},"query-input":{"@type":"PropertyValueSpecification","valueRequired":true,"valueName":"search_term_string"}}],"inLanguage":"en-US"},{"@type":"Organization","@id":"https:\/\/gerardbutlergals.com\/content\/#organization","name":"Gerard Butler GALS","url":"https:\/\/gerardbutlergals.com\/content\/","logo":{"@type":"ImageObject","inLanguage":"en-US","@id":"https:\/\/gerardbutlergals.com\/content\/#\/schema\/logo\/image\/","url":"https:\/\/gerardbutlergals.com\/content\/wp-content\/uploads\/2023\/02\/instagramlogo.png","contentUrl":"https:\/\/gerardbutlergals.com\/content\/wp-content\/uploads\/2023\/02\/instagramlogo.png","width":322,"height":318,"caption":"Gerard Butler GALS"},"image":{"@id":"https:\/\/gerardbutlergals.com\/content\/#\/schema\/logo\/image\/"},"sameAs":["https:\/\/www.facebook.com\/gbgals","https:\/\/x.com\/GBGALS","http:\/\/www.pinterest.com\/gbgals\/","https:\/\/www.youtube.com\/user\/gbgals"]},{"@type":"Person","@id":"https:\/\/gerardbutlergals.com\/content\/#\/schema\/person\/c12cf2a52b1b634b6d77df69841c8416","name":"becozy","image":{"@type":"ImageObject","inLanguage":"en-US","@id":"https:\/\/secure.gravatar.com\/avatar\/c276db4d65be17b6168d1872232dc32712faaff66a837c4e4a43084ea5ae6ace?s=96&d=mm&r=g","url":"https:\/\/secure.gravatar.com\/avatar\/c276db4d65be17b6168d1872232dc32712faaff66a837c4e4a43084ea5ae6ace?s=96&d=mm&r=g","contentUrl":"https:\/\/secure.gravatar.com\/avatar\/c276db4d65be17b6168d1872232dc32712faaff66a837c4e4a43084ea5ae6ace?s=96&d=mm&r=g","caption":"becozy"},"description":"Becozy fell under Gerry\u2019s spell when she watched Phantom of The Opera for the first time in May 2005, while recovering from knee surgery. She was smitten with the Phantom from the moment his face appeared in the mirror, falling in love during the Music of the Night. After searching the internet for information about the actor able to cast such a spell, she discovered Gerard Butler. Her life, and that of her family, hasn\u2019t been the same since. With Gerry as a common bond, becozy has an expanding world of cyber and real friends.\u00a0 Her family has greeted her new found \u2018hobby\u2019 with enthusiasm and her new friends with a warm welcome. Happily, her husband and two (now adult) children share her admiration of Gerry. Her family knows and understands all Gerry references in their correct context. Mention 3AM, camels, or yellow towels, for example and you\u2019ll get a knowing nod! Over ten years later, as much time as possible each day is spent in the care and nurturing of her Addiction. It is a delicate balancing act to fulfill her duties as wife and mom and her duties as a GAL, but one she is determined to master.","sameAs":["http:\/\/gbgals.com\/content"],"jobTitle":"Administrator","url":"https:\/\/gerardbutlergals.com\/content\/author\/barb\/"}]}},"amp_enabled":true,"_links":{"self":[{"href":"https:\/\/gerardbutlergals.com\/content\/wp-json\/wp\/v2\/posts\/162352","targetHints":{"allow":["GET"]}}],"collection":[{"href":"https:\/\/gerardbutlergals.com\/content\/wp-json\/wp\/v2\/posts"}],"about":[{"href":"https:\/\/gerardbutlergals.com\/content\/wp-json\/wp\/v2\/types\/post"}],"author":[{"embeddable":true,"href":"https:\/\/gerardbutlergals.com\/content\/wp-json\/wp\/v2\/users\/2"}],"replies":[{"embeddable":true,"href":"https:\/\/gerardbutlergals.com\/content\/wp-json\/wp\/v2\/comments?post=162352"}],"version-history":[{"count":0,"href":"https:\/\/gerardbutlergals.com\/content\/wp-json\/wp\/v2\/posts\/162352\/revisions"}],"wp:featuredmedia":[{"embeddable":true,"href":"https:\/\/gerardbutlergals.com\/content\/wp-json\/wp\/v2\/media\/162358"}],"wp:attachment":[{"href":"https:\/\/gerardbutlergals.com\/content\/wp-json\/wp\/v2\/media?parent=162352"}],"wp:term":[{"taxonomy":"category","embeddable":true,"href":"https:\/\/gerardbutlergals.com\/content\/wp-json\/wp\/v2\/categories?post=162352"},{"taxonomy":"post_tag","embeddable":true,"href":"https:\/\/gerardbutlergals.com\/content\/wp-json\/wp\/v2\/tags?post=162352"}],"curies":[{"name":"wp","href":"https:\/\/api.w.org\/{rel}","templated":true}]}}